{"id":1288,"date":"2023-02-08T08:01:34","date_gmt":"2023-02-08T07:01:34","guid":{"rendered":"https:\/\/cfecgc-andra.fr\/?p=1288"},"modified":"2023-02-08T08:01:35","modified_gmt":"2023-02-08T07:01:35","slug":"conseil-de-politique-nucleaire","status":"publish","type":"post","link":"https:\/\/cfecgc-andra.fr\/index.php\/2023\/02\/08\/conseil-de-politique-nucleaire\/","title":{"rendered":"Conseil de Politique Nucl\u00e9aire"},"content":{"rendered":"\n<p><strong>Conseil de Politique Nucl\u00e9aire.<\/strong><\/p>\n\n\n\n<p>Publi\u00e9 le 3 f\u00e9vrier 2023<\/p>\n\n\n\n<p>Le Pr\u00e9sident de la R\u00e9publique a r\u00e9uni ce vendredi 3 f\u00e9vrier 2023 un Conseil de Politique Nucl\u00e9aire (CPN).&nbsp;<\/p>\n\n\n\n<p>Cette instance se r\u00e9unit un an apr\u00e8s le discours de Belfort dans lequel le Pr\u00e9sident de la R\u00e9publique a annonc\u00e9 la relance de la fili\u00e8re nucl\u00e9aire fran\u00e7aise et la construction de six nouveaux r\u00e9acteurs de type EPR2 avec l\u2019objectif des premi\u00e8res mises en service d\u2019ici 2035 au plus tard, afin de reprendre en main notre avenir \u00e9nerg\u00e9tique et renforcer notre s\u00e9curit\u00e9 d\u2019approvisionnement et notre souverainet\u00e9.&nbsp;<\/p>\n\n\n\n<p>Le Conseil de Politique Nucl\u00e9aire a permis de faire un point d\u2019\u00e9tape sur l\u2019ensemble du dossier nucl\u00e9aire fran\u00e7ais, \u00e0 court comme \u00e0 long terme. Les d\u00e9cisions prises lors de ce Conseil de Politique Nucl\u00e9aire permettront de pr\u00e9parer la prochaine programmation pluriannuelle de l\u2019\u00e9nergie, qui sera pr\u00e9sent\u00e9e en juin 2023, avant un d\u00e9bat au Parlement sur la loi de programmation de l\u2019\u00e9nergie et du climat.&nbsp;<\/p>\n\n\n\n<p>Afin d\u2019assurer la s\u00e9curit\u00e9 d\u2019approvisionnement \u00e9lectrique fran\u00e7aise, et apr\u00e8s un niveau de production du parc nucl\u00e9aire historiquement bas au cours des deux derni\u00e8res ann\u00e9es, le CPN a lanc\u00e9 la remobilisation de l\u2019ensemble des acteurs pour pr\u00e9parer l\u2019hiver 2023 en anticipant au mieux les arr\u00eats programm\u00e9s des r\u00e9acteurs. Dans la perspective de produire dans la dur\u00e9e une \u00e9lectricit\u00e9 d\u00e9carbon\u00e9e et comp\u00e9titive, le CPN a en outre valid\u00e9 le lancement d\u2019\u00e9tudes permettant de pr\u00e9parer la prolongation de la dur\u00e9e de vie des centrales existantes \u00e0 60 ans et au-del\u00e0, dans des conditions strictes de s\u00fbret\u00e9 garanties par l\u2019Autorit\u00e9 de Suret\u00e9 Nucl\u00e9aire.&nbsp;<\/p>\n\n\n\n<p>Le CPN a pass\u00e9 en revue les principaux sujets relatifs au programme de construction des 6 nouveaux r\u00e9acteurs nucl\u00e9aire EPR2 qui fait l\u2019objet d\u2019un d\u00e9bat public se terminant fin f\u00e9vrier. Ses conclusions seront int\u00e9gr\u00e9es dans la future programmation pluriannuelle de l\u2019\u00e9nergie (PPE). La s\u00e9curisation du calendrier de mise en service de ces r\u00e9acteurs sera rendue possible par dispositions pr\u00e9vues dans le projet de loi relatif \u00e0 l\u2019acc\u00e9l\u00e9ration des proc\u00e9dures \u00e0 proximit\u00e9 de sites nucl\u00e9aires existants et au fonctionnement des installations existantes. Ce texte permettra notamment de r\u00e9duire les d\u00e9lais de certaines proc\u00e9dures administratives, et de permettre un d\u00e9roulement optimal des chantiers de construction. Au sein de l\u2019Etat, la cr\u00e9ation de la d\u00e9l\u00e9gation interminist\u00e9rielle au nouveau nucl\u00e9aire (DINN) permet d\u00e9sormais de coordonner l\u2019ensemble des acteurs mobilis\u00e9s pour nous assurer que les d\u00e9lais et objectifs de ce programme seront respect\u00e9s.&nbsp;<\/p>\n\n\n\n<p>La mise en place du nouveau programme nucl\u00e9aire fran\u00e7ais passe aussi par le d\u00e9veloppement de programmes de petits r\u00e9acteurs modulaires (SMR) et de r\u00e9acteurs innovants (AMR), un des enjeux de France 2030. Le CPN a act\u00e9 l\u2019acc\u00e9l\u00e9ration de ces travaux, \u00e0 la fois sur le projet NUWARD d\u00e9velopp\u00e9 par EDF mais aussi par le soutien aux projets en d\u00e9veloppement de petits r\u00e9acteurs nucl\u00e9aires avanc\u00e9s afin de pouvoir disposer d\u2019au moins une t\u00eate de s\u00e9rie dans les ann\u00e9es 2030. Le r\u00f4le d\u2019animation du CEA sera renforc\u00e9 afin qu\u2019il apporte son soutien et son appui au d\u00e9veloppement de ces projets.<\/p>\n\n\n\n<p>La relance du nucl\u00e9aire implique aussi le lancement d\u2019une r\u00e9flexion en profondeur sur la question du cycle du combustible afin que la France conserve et renforce son autonomie strat\u00e9gique en la mati\u00e8re, ce qui est essentiel pour notre souverainet\u00e9 \u00e9nerg\u00e9tique. Au regard des trajectoires qui seront int\u00e9gr\u00e9es dans la PPE, le CPN a par ailleurs engag\u00e9 l\u2019ensemble des acteurs dans une r\u00e9flexion pour tirer les cons\u00e9quences de la relance du programme nucl\u00e9aire fran\u00e7ais sur la gestion des d\u00e9chets ultimes. Plusieurs \u00e9tudes seront ainsi lanc\u00e9es pour \u00eatre pr\u00e9sent\u00e9es lors d\u2019un prochain CPN en 2023.&nbsp;<\/p>\n\n\n\n<p>Afin de maitriser l\u2019ensemble des enjeux et de la fili\u00e8re nucl\u00e9aire, le CPN a en outre valid\u00e9 la construction d\u2019un grand plan de formation aux m\u00e9tiers du nucl\u00e9aire et a act\u00e9 le lancement de premiers projets qui seront pr\u00e9sent\u00e9s prochainement. En mati\u00e8re de recherche dans le domaine du nucl\u00e9aire, le r\u00f4le du CEA sera renforc\u00e9 pour accompagner le gouvernement dans le pilotage et la programmation de la recherche dans ce domaine strat\u00e9gique.&nbsp;<\/p>\n\n\n\n<p>La relance du nucl\u00e9aire est un chantier prioritaire pour notre pays dans la consolidation de sa souverainet\u00e9 et pour le respect de nos ambitions en mati\u00e8re de d\u00e9carbonation et de comp\u00e9titivit\u00e9 de l\u2019\u00e9conomie fran\u00e7aise. Afin d\u2019assurer un suivi r\u00e9gulier et pr\u00e9cis des diff\u00e9rents chantiers lanc\u00e9s, leur coordination, et leur coh\u00e9rence avec la politique souhait\u00e9e en mati\u00e8re de nucl\u00e9aire civil, le Pr\u00e9sident de la R\u00e9publique r\u00e9unira deux fois par an le Conseil de Politique Nucl\u00e9aire. Le CPN de juin permettra de valider les orientations de la PPE \u00e0 l\u2019horizon 2030-2035. Le CPN de fin 2023 sera quant \u00e0 lui consacr\u00e9 notamment \u00e0 la revue d\u00e9taill\u00e9e du programme d\u2019EPR2 et aux d\u00e9cisions \u00e0 prendre sur l\u2019aval du cycle. Les d\u00e9cisions prises dans cette enceinte seront d\u00e9clin\u00e9es gr\u00e2ce \u00e0 une gouvernance clarifi\u00e9e qui s\u2019appuiera sur une nouvelle instance de suivi plac\u00e9e sous l\u2019\u00e9gide de la Premi\u00e8re ministre.&nbsp;<\/p>\n","protected":false},"excerpt":{"rendered":"<p>Conseil de Politique Nucl\u00e9aire. Publi\u00e9 le 3 f\u00e9vrier 2023 Le Pr\u00e9sident de la R\u00e9publique a r\u00e9uni ce vendredi 3 f\u00e9vrier 2023 un Conseil de Politique Nucl\u00e9aire (CPN).&nbsp; Cette instance se r\u00e9unit un an apr\u00e8s le discours de Belfort dans lequel le Pr\u00e9sident de la R\u00e9publique a annonc\u00e9 la relance de la fili\u00e8re nucl\u00e9aire fran\u00e7aise et [&hellip;]<\/p>\n","protected":false},"author":3,"featured_media":1289,"comment_status":"closed","ping_status":"closed","sticky":false,"template":"","format":"standard","meta":{"footnotes":""},"categories":[38,39],"tags":[],"class_list":["post-1288","post","type-post","status-publish","format-standard","has-post-thumbnail","hentry","category-dialogue-social","category-energie-nucleaire","entry","has-media"],"_links":{"self":[{"href":"https:\/\/cfecgc-andra.fr\/index.php\/wp-json\/wp\/v2\/posts\/1288","targetHints":{"allow":["GET"]}}],"collection":[{"href":"https:\/\/cfecgc-andra.fr\/index.php\/wp-json\/wp\/v2\/posts"}],"about":[{"href":"https:\/\/cfecgc-andra.fr\/index.php\/wp-json\/wp\/v2\/types\/post"}],"author":[{"embeddable":true,"href":"https:\/\/cfecgc-andra.fr\/index.php\/wp-json\/wp\/v2\/users\/3"}],"replies":[{"embeddable":true,"href":"https:\/\/cfecgc-andra.fr\/index.php\/wp-json\/wp\/v2\/comments?post=1288"}],"version-history":[{"count":1,"href":"https:\/\/cfecgc-andra.fr\/index.php\/wp-json\/wp\/v2\/posts\/1288\/revisions"}],"predecessor-version":[{"id":1290,"href":"https:\/\/cfecgc-andra.fr\/index.php\/wp-json\/wp\/v2\/posts\/1288\/revisions\/1290"}],"wp:featuredmedia":[{"embeddable":true,"href":"https:\/\/cfecgc-andra.fr\/index.php\/wp-json\/wp\/v2\/media\/1289"}],"wp:attachment":[{"href":"https:\/\/cfecgc-andra.fr\/index.php\/wp-json\/wp\/v2\/media?parent=1288"}],"wp:term":[{"taxonomy":"category","embeddable":true,"href":"https:\/\/cfecgc-andra.fr\/index.php\/wp-json\/wp\/v2\/categories?post=1288"},{"taxonomy":"post_tag","embeddable":true,"href":"https:\/\/cfecgc-andra.fr\/index.php\/wp-json\/wp\/v2\/tags?post=1288"}],"curies":[{"name":"wp","href":"https:\/\/api.w.org\/{rel}","templated":true}]}}