{"id":1295,"date":"2023-02-12T09:10:38","date_gmt":"2023-02-12T08:10:38","guid":{"rendered":"https:\/\/cfecgc-andra.fr\/?p=1295"},"modified":"2023-02-08T09:13:26","modified_gmt":"2023-02-08T08:13:26","slug":"droit-du-travail-quoi-de-neuf-dans-le-dialogue-social","status":"publish","type":"post","link":"https:\/\/cfecgc-andra.fr\/index.php\/2023\/02\/12\/droit-du-travail-quoi-de-neuf-dans-le-dialogue-social\/","title":{"rendered":"DROIT DU TRAVAIL : quoi de neuf dans le dialogue social"},"content":{"rendered":"\n<p><strong>De nouvelles dispositions sur le dialogue social sont entr\u00e9es en vigueur le 25 d\u00e9cembre 2022, apr\u00e8s la publication de la Loi n\u00b0 367\/2022 au Journal Officiel n\u00b0 1238 du 22 d\u00e9cembre 2022. Cette nouvelle loi a abrog\u00e9 l\u2019ancienne r\u00e8glementation tout en apportant d\u2019importants changements pour les employeurs.<\/strong><\/p>\n\n\n\n<p><a href=\"https:\/\/lepetitjournal.com\/bucarest\/actualites\/droit-du-travail-quoi-de-neuf-dans-le-dialogue-social-354988\">https:\/\/lepetitjournal.com\/bucarest\/actualites\/droit-du-travail-quoi-de-neuf-dans-le-dialogue-social-354988<\/a><\/p>\n","protected":false},"excerpt":{"rendered":"<p>De nouvelles dispositions sur le dialogue social sont entr\u00e9es en vigueur le 25 d\u00e9cembre 2022, apr\u00e8s la publication de la Loi n\u00b0 367\/2022 au Journal Officiel n\u00b0 1238 du 22 d\u00e9cembre 2022. Cette nouvelle loi a abrog\u00e9 l\u2019ancienne r\u00e8glementation tout en apportant d\u2019importants changements pour les employeurs. https:\/\/lepetitjournal.com\/bucarest\/actualites\/droit-du-travail-quoi-de-neuf-dans-le-dialogue-social-354988<\/p>\n","protected":false},"author":3,"featured_media":1296,"comment_status":"closed","ping_status":"closed","sticky":false,"template":"","format":"standard","meta":{"footnotes":""},"categories":[38,41],"tags":[],"class_list":["post-1295","post","type-post","status-publish","format-standard","has-post-thumbnail","hentry","category-dialogue-social","category-droit-du-travail","entry","has-media"],"_links":{"self":[{"href":"https:\/\/cfecgc-andra.fr\/index.php\/wp-json\/wp\/v2\/posts\/1295","targetHints":{"allow":["GET"]}}],"collection":[{"href":"https:\/\/cfecgc-andra.fr\/index.php\/wp-json\/wp\/v2\/posts"}],"about":[{"href":"https:\/\/cfecgc-andra.fr\/index.php\/wp-json\/wp\/v2\/types\/post"}],"author":[{"embeddable":true,"href":"https:\/\/cfecgc-andra.fr\/index.php\/wp-json\/wp\/v2\/users\/3"}],"replies":[{"embeddable":true,"href":"https:\/\/cfecgc-andra.fr\/index.php\/wp-json\/wp\/v2\/comments?post=1295"}],"version-history":[{"count":1,"href":"https:\/\/cfecgc-andra.fr\/index.php\/wp-json\/wp\/v2\/posts\/1295\/revisions"}],"predecessor-version":[{"id":1297,"href":"https:\/\/cfecgc-andra.fr\/index.php\/wp-json\/wp\/v2\/posts\/1295\/revisions\/1297"}],"wp:featuredmedia":[{"embeddable":true,"href":"https:\/\/cfecgc-andra.fr\/index.php\/wp-json\/wp\/v2\/media\/1296"}],"wp:attachment":[{"href":"https:\/\/cfecgc-andra.fr\/index.php\/wp-json\/wp\/v2\/media?parent=1295"}],"wp:term":[{"taxonomy":"category","embeddable":true,"href":"https:\/\/cfecgc-andra.fr\/index.php\/wp-json\/wp\/v2\/categories?post=1295"},{"taxonomy":"post_tag","embeddable":true,"href":"https:\/\/cfecgc-andra.fr\/index.php\/wp-json\/wp\/v2\/tags?post=1295"}],"curies":[{"name":"wp","href":"https:\/\/api.w.org\/{rel}","templated":true}]}}