{"id":1322,"date":"2023-02-20T08:09:25","date_gmt":"2023-02-20T07:09:25","guid":{"rendered":"https:\/\/cfecgc-andra.fr\/?p=1322"},"modified":"2023-02-17T08:15:54","modified_gmt":"2023-02-17T07:15:54","slug":"droit-du-travail-ce-que-les-salaries-doivent-savoir","status":"publish","type":"post","link":"https:\/\/cfecgc-andra.fr\/index.php\/2023\/02\/20\/droit-du-travail-ce-que-les-salaries-doivent-savoir\/","title":{"rendered":"Droit du travail : ce que les salari\u00e9s doivent savoir"},"content":{"rendered":"\n<p>Dans le cadre de leur relation de travail, employeurs et salari\u00e9s du secteur priv\u00e9 b\u00e9n\u00e9ficient de droits et d\u2019obligations encadr\u00e9s par le droit du travail. L\u00e9gislation nationale, conventions collectives, r\u00e9glementations internationales et europ\u00e9ennes sont les principales sources du droit du travail. Voici tout ce que les salari\u00e9s doivent savoir.<\/p>\n\n\n\n<p><a href=\"https:\/\/www.capital.fr\/votre-carriere\/droit-du-travail-ce-que-les-salaries-doivent-savoir-1460341\">https:\/\/www.capital.fr\/votre-carriere\/droit-du-travail-ce-que-les-salaries-doivent-savoir-1460341<\/a><\/p>\n","protected":false},"excerpt":{"rendered":"<p>Dans le cadre de leur relation de travail, employeurs et salari\u00e9s du secteur priv\u00e9 b\u00e9n\u00e9ficient de droits et d\u2019obligations encadr\u00e9s par le droit du travail. L\u00e9gislation nationale, conventions collectives, r\u00e9glementations internationales et europ\u00e9ennes sont les principales sources du droit du travail. Voici tout ce que les salari\u00e9s doivent savoir. https:\/\/www.capital.fr\/votre-carriere\/droit-du-travail-ce-que-les-salaries-doivent-savoir-1460341<\/p>\n","protected":false},"author":3,"featured_media":1323,"comment_status":"closed","ping_status":"closed","sticky":false,"template":"","format":"standard","meta":{"footnotes":""},"categories":[41],"tags":[],"class_list":["post-1322","post","type-post","status-publish","format-standard","has-post-thumbnail","hentry","category-droit-du-travail","entry","has-media"],"_links":{"self":[{"href":"https:\/\/cfecgc-andra.fr\/index.php\/wp-json\/wp\/v2\/posts\/1322","targetHints":{"allow":["GET"]}}],"collection":[{"href":"https:\/\/cfecgc-andra.fr\/index.php\/wp-json\/wp\/v2\/posts"}],"about":[{"href":"https:\/\/cfecgc-andra.fr\/index.php\/wp-json\/wp\/v2\/types\/post"}],"author":[{"embeddable":true,"href":"https:\/\/cfecgc-andra.fr\/index.php\/wp-json\/wp\/v2\/users\/3"}],"replies":[{"embeddable":true,"href":"https:\/\/cfecgc-andra.fr\/index.php\/wp-json\/wp\/v2\/comments?post=1322"}],"version-history":[{"count":1,"href":"https:\/\/cfecgc-andra.fr\/index.php\/wp-json\/wp\/v2\/posts\/1322\/revisions"}],"predecessor-version":[{"id":1324,"href":"https:\/\/cfecgc-andra.fr\/index.php\/wp-json\/wp\/v2\/posts\/1322\/revisions\/1324"}],"wp:featuredmedia":[{"embeddable":true,"href":"https:\/\/cfecgc-andra.fr\/index.php\/wp-json\/wp\/v2\/media\/1323"}],"wp:attachment":[{"href":"https:\/\/cfecgc-andra.fr\/index.php\/wp-json\/wp\/v2\/media?parent=1322"}],"wp:term":[{"taxonomy":"category","embeddable":true,"href":"https:\/\/cfecgc-andra.fr\/index.php\/wp-json\/wp\/v2\/categories?post=1322"},{"taxonomy":"post_tag","embeddable":true,"href":"https:\/\/cfecgc-andra.fr\/index.php\/wp-json\/wp\/v2\/tags?post=1322"}],"curies":[{"name":"wp","href":"https:\/\/api.w.org\/{rel}","templated":true}]}}