{"id":1344,"date":"2023-02-22T08:16:53","date_gmt":"2023-02-22T07:16:53","guid":{"rendered":"https:\/\/cfecgc-andra.fr\/?p=1344"},"modified":"2023-02-22T11:13:32","modified_gmt":"2023-02-22T10:13:32","slug":"non-au-demantelement-de-lirsn-signer-la-petition","status":"publish","type":"post","link":"https:\/\/cfecgc-andra.fr\/index.php\/2023\/02\/22\/non-au-demantelement-de-lirsn-signer-la-petition\/","title":{"rendered":"NON AU DEMANTELEMENT DE L\u2019IRSN &#8211; Signer la P\u00e9tition !"},"content":{"rendered":"\n<p>Artcle d\u2019Andr\u00e9 THOMAS<\/p>\n\n\n\n<p>D\u00e9l\u00e9gu\u00e9 National CFE-CGC P\u00d4LE PUBLIC<\/p>\n\n\n\n<p>Tout le monde sait que la France est un pays fortement nucl\u00e9aris\u00e9 dans sa production qui, au del\u00e0 de ses succ\u00e8s et de ses \u00e9checs en la mati\u00e8re, a le devoir d\u2019assurer une s\u00e9curit\u00e9 sans faille et une expertise digne du meilleur de nos int\u00e9r\u00eats. Personne n\u2019a int\u00e9r\u00eat \u00e0 jouer \u00e0 la roulette russe sur ce sujet. Et c\u2019est pourtant ce qui se passe.<\/p>\n\n\n\n<p>C\u2019est le r\u00f4le qu\u2019a l\u2019IRSN et pour lequel on avait rien \u00e0 lui reprocher.<\/p>\n\n\n\n<p>&nbsp; L\u2019IRSN \u2013 Institut de Radioprotection et de S\u00fbret\u00e9 Nucl\u00e9aire \u2013 est un EPIC \u2013 Etablissement Public Industriel et Commercial \u2013 et tenait le r\u00f4le d\u2019expert public ind\u00e9pendant aupr\u00e8s de l\u2019ASN \u2013 l\u2019Autorit\u00e9 de S\u00fbret\u00e9 Nucl\u00e9aire.<\/p>\n\n\n\n<p>&nbsp; Sous pr\u00e9texte d\u2019un plan de relance qui pr\u00e9voit la construction de 6 nouveaux EPR et la prolongation de dur\u00e9e de vie de plusieurs r\u00e9acteurs, le gouvernement, dans ses objectifs de production, tente donc de \u00ab&nbsp;fluidifier&nbsp;\u00bb l\u2019expertise.<\/p>\n\n\n\n<p>Est-ce vraiment raisonnable, peut-on se demander, de sacrifier une expertise de qualit\u00e9 mondiale pour quelques dizaines de millions d\u2019euros quand on sait qu\u2019il faudra vraisemblablement entre 50 et 70 milliard d\u2019euros pour la construction de 6 EPR. En comparaison, le budget de l\u2019IRSN para\u00eet mineur : autour de 270 millions d\u2019euros par an.<\/p>\n\n\n\n<p>Quand l\u2019IRSN r\u00e9v\u00e8le que 395 400 travailleurs ont \u00e9t\u00e9 expos\u00e9s \u00e0 des rayonnements ionisants en 2019, soit une augmentation de 1,2 % par rapport \u00e0 2018, peut-on lui reprocher de bien faire sa mission ? Non \u00e9videmment ! Pourtant il semble que l\u2019axe de qualit\u00e9 de l\u2019expertise n\u2019ait pas \u00e9t\u00e9 le fil conducteur de la d\u00e9cision gouvernementale<\/p>\n\n\n\n<p>Dans une audition faite devant la commission du d\u00e9veloppement durable de l\u2019Assembl\u00e9e Nationale, le mercredi 07 avril 2021, M JC NIEL, le directeur de l\u2019IRSN d\u00e9clarait que \u00ab&nbsp;l\u2019\u00e9rosion de la subvention&nbsp;\u00bb a \u00ab&nbsp;conduit, malgr\u00e9 les efforts d\u2019efficience engag\u00e9s, \u00e0 r\u00e9duire de mani\u00e8re significative les budgets consacr\u00e9s \u00e0 la recherche, activit\u00e9 dont la pr\u00e9servation constitue une des conditions du maintien au meilleur niveau de l\u2019expertise de l\u2019IRSN.<\/p>\n\n\n\n<p>&nbsp;\u00bb Toujours la m\u00eame mani\u00e8re d\u2019aborder les sujets : le param\u00e9trage \u00e9conomique. Et pour l\u2019atteindre, la m\u00e9thode est brutale. Que l\u2019on soit chez Cama\u00eeeu ou chez Go Sport, on convoque un CSEC extraordinaire et on annonce que c\u2019est comme cela. &nbsp;\u00bb Et pas autrement !&nbsp;\u00bb. A l\u2019IRSN, les salari\u00e9s ont d\u00e9couvert par cette note ce qui allait leur arriver. Mais l\u00e0, c\u2019est du nucl\u00e9aire et la seule question que l\u2019on doit se poser est la suivante : EST-CE QUE LE JEU EN VAUT LA CHANDELLE<\/p>\n\n\n\n<p><strong>signez la p\u00e9tition contre le d\u00e9mant\u00e8lement de l\u2019IRSN !<\/strong><\/p>\n\n\n\n<p><a href=\"https:\/\/chng.it\/GxTcSPQt8X\">https:\/\/chng.it\/GxTcSPQt8X<\/a><\/p>\n","protected":false},"excerpt":{"rendered":"<p>Artcle d\u2019Andr\u00e9 THOMAS D\u00e9l\u00e9gu\u00e9 National CFE-CGC P\u00d4LE PUBLIC Tout le monde sait que la France est un pays fortement nucl\u00e9aris\u00e9 dans sa production qui, au del\u00e0 de ses succ\u00e8s et de ses \u00e9checs en la mati\u00e8re, a le devoir d\u2019assurer une s\u00e9curit\u00e9 sans faille et une expertise digne du meilleur de nos int\u00e9r\u00eats. Personne n\u2019a [&hellip;]<\/p>\n","protected":false},"author":3,"featured_media":1345,"comment_status":"closed","ping_status":"closed","sticky":false,"template":"","format":"standard","meta":{"footnotes":""},"categories":[37,39,42],"tags":[],"class_list":["post-1344","post","type-post","status-publish","format-standard","has-post-thumbnail","hentry","category-confederation-federation","category-energie-nucleaire","category-epic","entry","has-media"],"_links":{"self":[{"href":"https:\/\/cfecgc-andra.fr\/index.php\/wp-json\/wp\/v2\/posts\/1344","targetHints":{"allow":["GET"]}}],"collection":[{"href":"https:\/\/cfecgc-andra.fr\/index.php\/wp-json\/wp\/v2\/posts"}],"about":[{"href":"https:\/\/cfecgc-andra.fr\/index.php\/wp-json\/wp\/v2\/types\/post"}],"author":[{"embeddable":true,"href":"https:\/\/cfecgc-andra.fr\/index.php\/wp-json\/wp\/v2\/users\/3"}],"replies":[{"embeddable":true,"href":"https:\/\/cfecgc-andra.fr\/index.php\/wp-json\/wp\/v2\/comments?post=1344"}],"version-history":[{"count":3,"href":"https:\/\/cfecgc-andra.fr\/index.php\/wp-json\/wp\/v2\/posts\/1344\/revisions"}],"predecessor-version":[{"id":1351,"href":"https:\/\/cfecgc-andra.fr\/index.php\/wp-json\/wp\/v2\/posts\/1344\/revisions\/1351"}],"wp:featuredmedia":[{"embeddable":true,"href":"https:\/\/cfecgc-andra.fr\/index.php\/wp-json\/wp\/v2\/media\/1345"}],"wp:attachment":[{"href":"https:\/\/cfecgc-andra.fr\/index.php\/wp-json\/wp\/v2\/media?parent=1344"}],"wp:term":[{"taxonomy":"category","embeddable":true,"href":"https:\/\/cfecgc-andra.fr\/index.php\/wp-json\/wp\/v2\/categories?post=1344"},{"taxonomy":"post_tag","embeddable":true,"href":"https:\/\/cfecgc-andra.fr\/index.php\/wp-json\/wp\/v2\/tags?post=1344"}],"curies":[{"name":"wp","href":"https:\/\/api.w.org\/{rel}","templated":true}]}}