{"id":1505,"date":"2023-04-03T10:21:18","date_gmt":"2023-04-03T08:21:18","guid":{"rendered":"https:\/\/cfecgc-andra.fr\/?p=1505"},"modified":"2023-03-27T10:29:16","modified_gmt":"2023-03-27T08:29:16","slug":"management-le-lien-social-variable-dajustement-au-travail","status":"publish","type":"post","link":"https:\/\/cfecgc-andra.fr\/index.php\/2023\/04\/03\/management-le-lien-social-variable-dajustement-au-travail\/","title":{"rendered":"Management : le lien social, variable d&rsquo;ajustement au travail"},"content":{"rendered":"\n<p>OPINION &#8211; T\u00e9l\u00e9travail, espaces de travail flexibles ou encore semaine de quatre jours : tous ces changements pr\u00e9sentent un risque pour notre capital social, pourtant fondamental dans le travail en entreprises, rappelle le docteur en neurosciences Ga\u00ebtan de Lavill\u00e9on.<\/p>\n\n\n\n<p><a href=\"https:\/\/business.lesechos.fr\/entrepreneurs\/management\/0703598091239-le-lien-social-une-variable-d-ajustement-au-travail-351366.php\">https:\/\/business.lesechos.fr\/entrepreneurs\/management\/0703598091239-le-lien-social-une-variable-d-ajustement-au-travail-351366.php<\/a><\/p>\n","protected":false},"excerpt":{"rendered":"<p>OPINION &#8211; T\u00e9l\u00e9travail, espaces de travail flexibles ou encore semaine de quatre jours : tous ces changements pr\u00e9sentent un risque pour notre capital social, pourtant fondamental dans le travail en entreprises, rappelle le docteur en neurosciences Ga\u00ebtan de Lavill\u00e9on. https:\/\/business.lesechos.fr\/entrepreneurs\/management\/0703598091239-le-lien-social-une-variable-d-ajustement-au-travail-351366.php<\/p>\n","protected":false},"author":2,"featured_media":1506,"comment_status":"closed","ping_status":"closed","sticky":false,"template":"","format":"standard","meta":{"footnotes":""},"categories":[38,35],"tags":[],"class_list":["post-1505","post","type-post","status-publish","format-standard","has-post-thumbnail","hentry","category-dialogue-social","category-management","entry","has-media"],"_links":{"self":[{"href":"https:\/\/cfecgc-andra.fr\/index.php\/wp-json\/wp\/v2\/posts\/1505","targetHints":{"allow":["GET"]}}],"collection":[{"href":"https:\/\/cfecgc-andra.fr\/index.php\/wp-json\/wp\/v2\/posts"}],"about":[{"href":"https:\/\/cfecgc-andra.fr\/index.php\/wp-json\/wp\/v2\/types\/post"}],"author":[{"embeddable":true,"href":"https:\/\/cfecgc-andra.fr\/index.php\/wp-json\/wp\/v2\/users\/2"}],"replies":[{"embeddable":true,"href":"https:\/\/cfecgc-andra.fr\/index.php\/wp-json\/wp\/v2\/comments?post=1505"}],"version-history":[{"count":1,"href":"https:\/\/cfecgc-andra.fr\/index.php\/wp-json\/wp\/v2\/posts\/1505\/revisions"}],"predecessor-version":[{"id":1507,"href":"https:\/\/cfecgc-andra.fr\/index.php\/wp-json\/wp\/v2\/posts\/1505\/revisions\/1507"}],"wp:featuredmedia":[{"embeddable":true,"href":"https:\/\/cfecgc-andra.fr\/index.php\/wp-json\/wp\/v2\/media\/1506"}],"wp:attachment":[{"href":"https:\/\/cfecgc-andra.fr\/index.php\/wp-json\/wp\/v2\/media?parent=1505"}],"wp:term":[{"taxonomy":"category","embeddable":true,"href":"https:\/\/cfecgc-andra.fr\/index.php\/wp-json\/wp\/v2\/categories?post=1505"},{"taxonomy":"post_tag","embeddable":true,"href":"https:\/\/cfecgc-andra.fr\/index.php\/wp-json\/wp\/v2\/tags?post=1505"}],"curies":[{"name":"wp","href":"https:\/\/api.w.org\/{rel}","templated":true}]}}