{"id":1515,"date":"2023-04-07T11:27:36","date_gmt":"2023-04-07T09:27:36","guid":{"rendered":"https:\/\/cfecgc-andra.fr\/?p=1515"},"modified":"2023-03-29T11:29:53","modified_gmt":"2023-03-29T09:29:53","slug":"la-commission-denquete-presidee-par-schellenberger-pointe-les-mefaits-de-linculture-scientifique","status":"publish","type":"post","link":"https:\/\/cfecgc-andra.fr\/index.php\/2023\/04\/07\/la-commission-denquete-presidee-par-schellenberger-pointe-les-mefaits-de-linculture-scientifique\/","title":{"rendered":"La commission d\u2019enqu\u00eate pr\u00e9sid\u00e9e par Schellenberger pointe les m\u00e9faits de l\u2019inculture scientifique"},"content":{"rendered":"\n<p>Voulue et pr\u00e9sid\u00e9e par le d\u00e9put\u00e9 (LR) du Haut-Rhin Rapha\u00ebl Schellenberger, la commission d\u2019enqu\u00eate parlementaire sur les causes de la \u00ab\u00a0perte de souverainet\u00e9 \u00e9nerg\u00e9tique de la France\u00a0\u00bb a achev\u00e9 ses travaux jeudi 16\u00a0mars apr\u00e8s avoir auditionn\u00e9 Fran\u00e7ois Hollande et Nicolas Sarkozy.<\/p>\n\n\n\n<p><a href=\"https:\/\/www.lalsace.fr\/economie\/2023\/03\/23\/la-commission-d-enquete-presidee-par-schellenberger-pointe-les-mefaits-de-l-inculture-scientifique\">https:\/\/www.lalsace.fr\/economie\/2023\/03\/23\/la-commission-d-enquete-presidee-par-schellenberger-pointe-les-mefaits-de-l-inculture-scientifique<\/a><\/p>\n\n\n\n<p><\/p>\n","protected":false},"excerpt":{"rendered":"<p>Voulue et pr\u00e9sid\u00e9e par le d\u00e9put\u00e9 (LR) du Haut-Rhin Rapha\u00ebl Schellenberger, la commission d\u2019enqu\u00eate parlementaire sur les causes de la \u00ab\u00a0perte de souverainet\u00e9 \u00e9nerg\u00e9tique de la France\u00a0\u00bb a achev\u00e9 ses travaux jeudi 16\u00a0mars apr\u00e8s avoir auditionn\u00e9 Fran\u00e7ois Hollande et Nicolas Sarkozy. https:\/\/www.lalsace.fr\/economie\/2023\/03\/23\/la-commission-d-enquete-presidee-par-schellenberger-pointe-les-mefaits-de-l-inculture-scientifique<\/p>\n","protected":false},"author":3,"featured_media":1516,"comment_status":"closed","ping_status":"closed","sticky":false,"template":"","format":"standard","meta":{"footnotes":""},"categories":[39],"tags":[],"class_list":["post-1515","post","type-post","status-publish","format-standard","has-post-thumbnail","hentry","category-energie-nucleaire","entry","has-media"],"_links":{"self":[{"href":"https:\/\/cfecgc-andra.fr\/index.php\/wp-json\/wp\/v2\/posts\/1515","targetHints":{"allow":["GET"]}}],"collection":[{"href":"https:\/\/cfecgc-andra.fr\/index.php\/wp-json\/wp\/v2\/posts"}],"about":[{"href":"https:\/\/cfecgc-andra.fr\/index.php\/wp-json\/wp\/v2\/types\/post"}],"author":[{"embeddable":true,"href":"https:\/\/cfecgc-andra.fr\/index.php\/wp-json\/wp\/v2\/users\/3"}],"replies":[{"embeddable":true,"href":"https:\/\/cfecgc-andra.fr\/index.php\/wp-json\/wp\/v2\/comments?post=1515"}],"version-history":[{"count":2,"href":"https:\/\/cfecgc-andra.fr\/index.php\/wp-json\/wp\/v2\/posts\/1515\/revisions"}],"predecessor-version":[{"id":1528,"href":"https:\/\/cfecgc-andra.fr\/index.php\/wp-json\/wp\/v2\/posts\/1515\/revisions\/1528"}],"wp:featuredmedia":[{"embeddable":true,"href":"https:\/\/cfecgc-andra.fr\/index.php\/wp-json\/wp\/v2\/media\/1516"}],"wp:attachment":[{"href":"https:\/\/cfecgc-andra.fr\/index.php\/wp-json\/wp\/v2\/media?parent=1515"}],"wp:term":[{"taxonomy":"category","embeddable":true,"href":"https:\/\/cfecgc-andra.fr\/index.php\/wp-json\/wp\/v2\/categories?post=1515"},{"taxonomy":"post_tag","embeddable":true,"href":"https:\/\/cfecgc-andra.fr\/index.php\/wp-json\/wp\/v2\/tags?post=1515"}],"curies":[{"name":"wp","href":"https:\/\/api.w.org\/{rel}","templated":true}]}}