{"id":1525,"date":"2023-04-14T09:07:00","date_gmt":"2023-04-14T07:07:00","guid":{"rendered":"https:\/\/cfecgc-andra.fr\/?p=1525"},"modified":"2023-04-03T18:08:34","modified_gmt":"2023-04-03T16:08:34","slug":"management-6-signaux-dalerte-pour-detecter-un-burn-out-dans-votre-equipe","status":"publish","type":"post","link":"https:\/\/cfecgc-andra.fr\/index.php\/2023\/04\/14\/management-6-signaux-dalerte-pour-detecter-un-burn-out-dans-votre-equipe\/","title":{"rendered":"Management : 6 signaux d\u2019alerte pour d\u00e9tecter un burn out dans votre \u00e9quipe"},"content":{"rendered":"\n<p>Le Minist\u00e8re du travail d\u00e9finit le burn out comme un \u00ab \u00e9puisement physique, \u00e9motionnel et mental qui r\u00e9sulte d\u2019un investissement prolong\u00e9 dans des situations de travail exigeantes sur le plan \u00e9motionnel \u00bb. <\/p>\n\n\n\n<p><a href=\"https:\/\/solutions.lesechos.fr\/equipe-management\/c\/management-6-signaux-dalerte-pour-detecter-un-burn-out-dans-votre-equipe-36885\/\">https:\/\/solutions.lesechos.fr\/equipe-management\/c\/management-6-signaux-dalerte-pour-detecter-un-burn-out-dans-votre-equipe-36885\/<\/a><\/p>\n","protected":false},"excerpt":{"rendered":"<p>Le Minist\u00e8re du travail d\u00e9finit le burn out comme un \u00ab \u00e9puisement physique, \u00e9motionnel et mental qui r\u00e9sulte d\u2019un investissement prolong\u00e9 dans des situations de travail exigeantes sur le plan \u00e9motionnel \u00bb. https:\/\/solutions.lesechos.fr\/equipe-management\/c\/management-6-signaux-dalerte-pour-detecter-un-burn-out-dans-votre-equipe-36885\/<\/p>\n","protected":false},"author":2,"featured_media":1526,"comment_status":"closed","ping_status":"closed","sticky":false,"template":"","format":"standard","meta":{"footnotes":""},"categories":[35],"tags":[],"class_list":["post-1525","post","type-post","status-publish","format-standard","has-post-thumbnail","hentry","category-management","entry","has-media"],"_links":{"self":[{"href":"https:\/\/cfecgc-andra.fr\/index.php\/wp-json\/wp\/v2\/posts\/1525","targetHints":{"allow":["GET"]}}],"collection":[{"href":"https:\/\/cfecgc-andra.fr\/index.php\/wp-json\/wp\/v2\/posts"}],"about":[{"href":"https:\/\/cfecgc-andra.fr\/index.php\/wp-json\/wp\/v2\/types\/post"}],"author":[{"embeddable":true,"href":"https:\/\/cfecgc-andra.fr\/index.php\/wp-json\/wp\/v2\/users\/2"}],"replies":[{"embeddable":true,"href":"https:\/\/cfecgc-andra.fr\/index.php\/wp-json\/wp\/v2\/comments?post=1525"}],"version-history":[{"count":1,"href":"https:\/\/cfecgc-andra.fr\/index.php\/wp-json\/wp\/v2\/posts\/1525\/revisions"}],"predecessor-version":[{"id":1527,"href":"https:\/\/cfecgc-andra.fr\/index.php\/wp-json\/wp\/v2\/posts\/1525\/revisions\/1527"}],"wp:featuredmedia":[{"embeddable":true,"href":"https:\/\/cfecgc-andra.fr\/index.php\/wp-json\/wp\/v2\/media\/1526"}],"wp:attachment":[{"href":"https:\/\/cfecgc-andra.fr\/index.php\/wp-json\/wp\/v2\/media?parent=1525"}],"wp:term":[{"taxonomy":"category","embeddable":true,"href":"https:\/\/cfecgc-andra.fr\/index.php\/wp-json\/wp\/v2\/categories?post=1525"},{"taxonomy":"post_tag","embeddable":true,"href":"https:\/\/cfecgc-andra.fr\/index.php\/wp-json\/wp\/v2\/tags?post=1525"}],"curies":[{"name":"wp","href":"https:\/\/api.w.org\/{rel}","templated":true}]}}