{"id":1548,"date":"2023-04-23T08:02:59","date_gmt":"2023-04-23T06:02:59","guid":{"rendered":"https:\/\/cfecgc-andra.fr\/?p=1548"},"modified":"2023-04-19T10:42:20","modified_gmt":"2023-04-19T08:42:20","slug":"nucleaire-edf-decide-un-moratoire-sur-les-embauches-en-2023-pour-mieux-cibler-ses-priorites","status":"publish","type":"post","link":"https:\/\/cfecgc-andra.fr\/index.php\/2023\/04\/23\/nucleaire-edf-decide-un-moratoire-sur-les-embauches-en-2023-pour-mieux-cibler-ses-priorites\/","title":{"rendered":"Nucl\u00e9aire\u00a0: EDF d\u00e9cide un moratoire sur les embauches en 2023\u00a0\u00ab\u00a0pour mieux cibler ses priorit\u00e9s\u00a0\u00bb"},"content":{"rendered":"\n<p><strong>Le groupe EDF a annonc\u00e9 jeudi sa d\u00e9cision de geler les embauches en 2023 en raison de ses grandes difficult\u00e9s financi\u00e8res alors m\u00eame que l\u2019entreprise doit r\u00e9pondre \u00e0 d\u2019\u00e9normes enjeux avec le plan de relance du nucl\u00e9aire<\/strong><\/p>\n\n\n\n<p><a href=\"https:\/\/www.sudouest.fr\/economie\/social\/nucleaire-edf-decide-un-moratoire-sur-les-embauches-en-2023-pour-mieux-cibler-ses-priorites-14785952.php\">https:\/\/www.sudouest.fr\/economie\/social\/nucleaire-edf-decide-un-moratoire-sur-les-embauches-en-2023-pour-mieux-cibler-ses-priorites-14785952.php<\/a><\/p>\n\n\n\n<p><\/p>\n\n\n\n<p>image de : <a href=\"https:\/\/commons.wikimedia.org\/wiki\/User:Fran%C3%A7ois_GOGLINS\">Fran\u00e7ois GOGLINS<\/a><\/p>\n","protected":false},"excerpt":{"rendered":"<p>Le groupe EDF a annonc\u00e9 jeudi sa d\u00e9cision de geler les embauches en 2023 en raison de ses grandes difficult\u00e9s financi\u00e8res alors m\u00eame que l\u2019entreprise doit r\u00e9pondre \u00e0 d\u2019\u00e9normes enjeux avec le plan de relance du nucl\u00e9aire https:\/\/www.sudouest.fr\/economie\/social\/nucleaire-edf-decide-un-moratoire-sur-les-embauches-en-2023-pour-mieux-cibler-ses-priorites-14785952.php image de : Fran\u00e7ois GOGLINS<\/p>\n","protected":false},"author":3,"featured_media":1549,"comment_status":"closed","ping_status":"closed","sticky":false,"template":"","format":"standard","meta":{"footnotes":""},"categories":[39],"tags":[],"class_list":["post-1548","post","type-post","status-publish","format-standard","has-post-thumbnail","hentry","category-energie-nucleaire","entry","has-media"],"_links":{"self":[{"href":"https:\/\/cfecgc-andra.fr\/index.php\/wp-json\/wp\/v2\/posts\/1548","targetHints":{"allow":["GET"]}}],"collection":[{"href":"https:\/\/cfecgc-andra.fr\/index.php\/wp-json\/wp\/v2\/posts"}],"about":[{"href":"https:\/\/cfecgc-andra.fr\/index.php\/wp-json\/wp\/v2\/types\/post"}],"author":[{"embeddable":true,"href":"https:\/\/cfecgc-andra.fr\/index.php\/wp-json\/wp\/v2\/users\/3"}],"replies":[{"embeddable":true,"href":"https:\/\/cfecgc-andra.fr\/index.php\/wp-json\/wp\/v2\/comments?post=1548"}],"version-history":[{"count":1,"href":"https:\/\/cfecgc-andra.fr\/index.php\/wp-json\/wp\/v2\/posts\/1548\/revisions"}],"predecessor-version":[{"id":1550,"href":"https:\/\/cfecgc-andra.fr\/index.php\/wp-json\/wp\/v2\/posts\/1548\/revisions\/1550"}],"wp:featuredmedia":[{"embeddable":true,"href":"https:\/\/cfecgc-andra.fr\/index.php\/wp-json\/wp\/v2\/media\/1549"}],"wp:attachment":[{"href":"https:\/\/cfecgc-andra.fr\/index.php\/wp-json\/wp\/v2\/media?parent=1548"}],"wp:term":[{"taxonomy":"category","embeddable":true,"href":"https:\/\/cfecgc-andra.fr\/index.php\/wp-json\/wp\/v2\/categories?post=1548"},{"taxonomy":"post_tag","embeddable":true,"href":"https:\/\/cfecgc-andra.fr\/index.php\/wp-json\/wp\/v2\/tags?post=1548"}],"curies":[{"name":"wp","href":"https:\/\/api.w.org\/{rel}","templated":true}]}}