{"id":1551,"date":"2023-04-19T10:40:23","date_gmt":"2023-04-19T08:40:23","guid":{"rendered":"https:\/\/cfecgc-andra.fr\/?p=1551"},"modified":"2023-04-19T10:40:24","modified_gmt":"2023-04-19T08:40:24","slug":"faq-nouvelle-convention-collective-metallurgie","status":"publish","type":"post","link":"https:\/\/cfecgc-andra.fr\/index.php\/2023\/04\/19\/faq-nouvelle-convention-collective-metallurgie\/","title":{"rendered":"FAQ  &#8211; Nouvelle Convention Collective M\u00e9tallurgie"},"content":{"rendered":"\n<p>Les travaux n\u00e9cessaires \u00e0 la mise en \u0153uvre au 1<sup>er<\/sup> janvier 2024 des principales dispositions de la Nouvelle Convention Collective de la M\u00e9tallurgie battent leur plein.<\/p>\n\n\n\n<p>De nombreuses questions se posent \u00e0 vous au fil de ces travaux. Aussi, afin de r\u00e9pondre \u00e0 celles-ci, La F\u00e9d\u00e9ration CFE-CGC m\u00e9tallurgie a mis en ligne une foire aux questions (FAQ). <\/p>\n\n\n\n<p>Vous la retrouverez sur le site f\u00e9d\u00e9ral : <a href=\"https:\/\/www.metallurgie-cfecgc.com\/foire-aux-questions-sur-la-convention-collective-de-la-metallurgie-0\">https:\/\/www.metallurgie-cfecgc.com\/foire-aux-questions-sur-la-convention-collective-de-la-metallurgie-0<\/a><\/p>\n\n\n\n<p>Si vous n\u2019y trouviez pas celle que vous recherchez, l\u2019adresse mail <a href=\"mailto:info.edcm@metallurgie-cfecgc.com\">info.edcm@metallurgie-cfecgc.com<\/a> reste \u00e0 votre disposition pour poser vos questions.<\/p>\n","protected":false},"excerpt":{"rendered":"<p>Les travaux n\u00e9cessaires \u00e0 la mise en \u0153uvre au 1er janvier 2024 des principales dispositions de la Nouvelle Convention Collective de la M\u00e9tallurgie battent leur plein. De nombreuses questions se posent \u00e0 vous au fil de ces travaux. Aussi, afin de r\u00e9pondre \u00e0 celles-ci, La F\u00e9d\u00e9ration CFE-CGC m\u00e9tallurgie a mis en ligne une foire aux [&hellip;]<\/p>\n","protected":false},"author":3,"featured_media":1552,"comment_status":"closed","ping_status":"closed","sticky":false,"template":"","format":"standard","meta":{"footnotes":""},"categories":[36,37],"tags":[],"class_list":["post-1551","post","type-post","status-publish","format-standard","has-post-thumbnail","hentry","category-andra","category-confederation-federation","entry","has-media"],"_links":{"self":[{"href":"https:\/\/cfecgc-andra.fr\/index.php\/wp-json\/wp\/v2\/posts\/1551","targetHints":{"allow":["GET"]}}],"collection":[{"href":"https:\/\/cfecgc-andra.fr\/index.php\/wp-json\/wp\/v2\/posts"}],"about":[{"href":"https:\/\/cfecgc-andra.fr\/index.php\/wp-json\/wp\/v2\/types\/post"}],"author":[{"embeddable":true,"href":"https:\/\/cfecgc-andra.fr\/index.php\/wp-json\/wp\/v2\/users\/3"}],"replies":[{"embeddable":true,"href":"https:\/\/cfecgc-andra.fr\/index.php\/wp-json\/wp\/v2\/comments?post=1551"}],"version-history":[{"count":1,"href":"https:\/\/cfecgc-andra.fr\/index.php\/wp-json\/wp\/v2\/posts\/1551\/revisions"}],"predecessor-version":[{"id":1553,"href":"https:\/\/cfecgc-andra.fr\/index.php\/wp-json\/wp\/v2\/posts\/1551\/revisions\/1553"}],"wp:featuredmedia":[{"embeddable":true,"href":"https:\/\/cfecgc-andra.fr\/index.php\/wp-json\/wp\/v2\/media\/1552"}],"wp:attachment":[{"href":"https:\/\/cfecgc-andra.fr\/index.php\/wp-json\/wp\/v2\/media?parent=1551"}],"wp:term":[{"taxonomy":"category","embeddable":true,"href":"https:\/\/cfecgc-andra.fr\/index.php\/wp-json\/wp\/v2\/categories?post=1551"},{"taxonomy":"post_tag","embeddable":true,"href":"https:\/\/cfecgc-andra.fr\/index.php\/wp-json\/wp\/v2\/tags?post=1551"}],"curies":[{"name":"wp","href":"https:\/\/api.w.org\/{rel}","templated":true}]}}