{"id":1587,"date":"2023-05-12T09:14:00","date_gmt":"2023-05-12T07:14:00","guid":{"rendered":"https:\/\/cfecgc-andra.fr\/?p=1587"},"modified":"2023-05-10T16:17:30","modified_gmt":"2023-05-10T14:17:30","slug":"eric-heyer-point-de-vue-sur-linflation","status":"publish","type":"post","link":"https:\/\/cfecgc-andra.fr\/index.php\/2023\/05\/12\/eric-heyer-point-de-vue-sur-linflation\/","title":{"rendered":"Eric HEYER &#8211; Point de vue sur l&rsquo;inflation"},"content":{"rendered":"\n<p>Eric Heyer est directeur du d\u00e9partement Analyse et Pr\u00e9vision \u00e0 l&rsquo;Observatoire fran\u00e7ais des conjonctures \u00e9conomiques (OFCE) et membre du Haut-Conseil des Finances Publiques. Co-auteur de l&rsquo;essai \u00ab\u00a0Une autre voie et possible\u00a0\u00bb (Flammarion) avec Dominique M\u00e9da et Pascal Lokiec, il recommande un changement de paradigme vers un mod\u00e8le social-\u00e9cologique.<a href=\"https:\/\/www.calameo.com\/read\/002801387e7a1be563de5\"> lien<\/a><\/p>\n\n\n\n<figure class=\"wp-block-embed is-type-wp-embed is-provider-calameo wp-block-embed-calameo\"><div class=\"wp-block-embed__wrapper\">\n<div class=\"oceanwp-oembed-wrap clr\"><iframe loading=\"lazy\" class=\"wp-embedded-content\" sandbox=\"allow-scripts\" security=\"restricted\" title=\"Grand entretien - Eric Heyer\" src=\"\/\/v.calameo.com\/?bkcode=002801387e7a1be563de5#?secret=NQtJdysmbT\" data-secret=\"NQtJdysmbT\" width=\"1507\" height=\"1000\" frameborder=\"0\" scrolling=\"no\"><\/iframe><\/div>\n<\/div><\/figure>\n\n\n\n<figure class=\"wp-block-embed is-type-wp-embed is-provider-calameo wp-block-embed-calameo\"><div class=\"wp-block-embed__wrapper\">\n<div class=\"oceanwp-oembed-wrap clr\"><iframe loading=\"lazy\" class=\"wp-embedded-content\" sandbox=\"allow-scripts\" security=\"restricted\" title=\"Grand entretien - Eric Heyer\" src=\"\/\/v.calameo.com\/?bkcode=002801387e7a1be563de5#?secret=NQtJdysmbT\" data-secret=\"NQtJdysmbT\" width=\"1507\" height=\"1000\" frameborder=\"0\" scrolling=\"no\"><\/iframe><\/div>\n<\/div><\/figure>\n","protected":false},"excerpt":{"rendered":"<p>Eric Heyer est directeur du d\u00e9partement Analyse et Pr\u00e9vision \u00e0 l&rsquo;Observatoire fran\u00e7ais des conjonctures \u00e9conomiques (OFCE) et membre du Haut-Conseil des Finances Publiques. Co-auteur de l&rsquo;essai \u00ab\u00a0Une autre voie et possible\u00a0\u00bb (Flammarion) avec Dominique M\u00e9da et Pascal Lokiec, il recommande un changement de paradigme vers un mod\u00e8le social-\u00e9cologique. lien<\/p>\n","protected":false},"author":2,"featured_media":1590,"comment_status":"closed","ping_status":"closed","sticky":false,"template":"","format":"standard","meta":{"footnotes":""},"categories":[37,38,39],"tags":[],"class_list":["post-1587","post","type-post","status-publish","format-standard","has-post-thumbnail","hentry","category-confederation-federation","category-dialogue-social","category-energie-nucleaire","entry","has-media"],"_links":{"self":[{"href":"https:\/\/cfecgc-andra.fr\/index.php\/wp-json\/wp\/v2\/posts\/1587","targetHints":{"allow":["GET"]}}],"collection":[{"href":"https:\/\/cfecgc-andra.fr\/index.php\/wp-json\/wp\/v2\/posts"}],"about":[{"href":"https:\/\/cfecgc-andra.fr\/index.php\/wp-json\/wp\/v2\/types\/post"}],"author":[{"embeddable":true,"href":"https:\/\/cfecgc-andra.fr\/index.php\/wp-json\/wp\/v2\/users\/2"}],"replies":[{"embeddable":true,"href":"https:\/\/cfecgc-andra.fr\/index.php\/wp-json\/wp\/v2\/comments?post=1587"}],"version-history":[{"count":2,"href":"https:\/\/cfecgc-andra.fr\/index.php\/wp-json\/wp\/v2\/posts\/1587\/revisions"}],"predecessor-version":[{"id":1591,"href":"https:\/\/cfecgc-andra.fr\/index.php\/wp-json\/wp\/v2\/posts\/1587\/revisions\/1591"}],"wp:featuredmedia":[{"embeddable":true,"href":"https:\/\/cfecgc-andra.fr\/index.php\/wp-json\/wp\/v2\/media\/1590"}],"wp:attachment":[{"href":"https:\/\/cfecgc-andra.fr\/index.php\/wp-json\/wp\/v2\/media?parent=1587"}],"wp:term":[{"taxonomy":"category","embeddable":true,"href":"https:\/\/cfecgc-andra.fr\/index.php\/wp-json\/wp\/v2\/categories?post=1587"},{"taxonomy":"post_tag","embeddable":true,"href":"https:\/\/cfecgc-andra.fr\/index.php\/wp-json\/wp\/v2\/tags?post=1587"}],"curies":[{"name":"wp","href":"https:\/\/api.w.org\/{rel}","templated":true}]}}