{"id":1594,"date":"2023-05-29T08:52:38","date_gmt":"2023-05-29T06:52:38","guid":{"rendered":"https:\/\/cfecgc-andra.fr\/?p=1594"},"modified":"2023-05-25T09:16:32","modified_gmt":"2023-05-25T07:16:32","slug":"pole-emploi-nouvelle-alerte-sur-la-situation-des-salaries-demissionnaires","status":"publish","type":"post","link":"https:\/\/cfecgc-andra.fr\/index.php\/2023\/05\/29\/pole-emploi-nouvelle-alerte-sur-la-situation-des-salaries-demissionnaires\/","title":{"rendered":"P\u00f4le emploi : nouvelle alerte sur la situation des salari\u00e9s d\u00e9missionnaires"},"content":{"rendered":"\n<p>Les salari\u00e9s qui d\u00e9missionnent peuvent, dans certains cas, toucher le ch\u00f4mage. Mais selon les situations, plusieurs conditions sont \u00e0 respecter pour en b\u00e9n\u00e9ficier. Dans son dernier rapport annuel, le m\u00e9diateur national de P\u00f4le emploi tire une nouvelle fois la sonnette d\u2019alarme sur ce droit difficile \u00e0 exercer.<\/p>\n\n\n\n<p><a href=\"https:\/\/www.capital.fr\/votre-carriere\/pole-emploi-nouvelle-alerte-sur-la-situation-des-salaries-demissionnaires-1467485\">https:\/\/www.capital.fr\/votre-carriere\/pole-emploi-nouvelle-alerte-sur-la-situation-des-salaries-demissionnaires-1467485<\/a><\/p>\n\n\n\n<p><\/p>\n\n\n\n<p>image : Champardennaisaxonais<\/p>\n","protected":false},"excerpt":{"rendered":"<p>Les salari\u00e9s qui d\u00e9missionnent peuvent, dans certains cas, toucher le ch\u00f4mage. Mais selon les situations, plusieurs conditions sont \u00e0 respecter pour en b\u00e9n\u00e9ficier. Dans son dernier rapport annuel, le m\u00e9diateur national de P\u00f4le emploi tire une nouvelle fois la sonnette d\u2019alarme sur ce droit difficile \u00e0 exercer. https:\/\/www.capital.fr\/votre-carriere\/pole-emploi-nouvelle-alerte-sur-la-situation-des-salaries-demissionnaires-1467485 image : Champardennaisaxonais<\/p>\n","protected":false},"author":3,"featured_media":1595,"comment_status":"closed","ping_status":"closed","sticky":false,"template":"","format":"standard","meta":{"footnotes":""},"categories":[41],"tags":[],"class_list":["post-1594","post","type-post","status-publish","format-standard","has-post-thumbnail","hentry","category-droit-du-travail","entry","has-media"],"_links":{"self":[{"href":"https:\/\/cfecgc-andra.fr\/index.php\/wp-json\/wp\/v2\/posts\/1594","targetHints":{"allow":["GET"]}}],"collection":[{"href":"https:\/\/cfecgc-andra.fr\/index.php\/wp-json\/wp\/v2\/posts"}],"about":[{"href":"https:\/\/cfecgc-andra.fr\/index.php\/wp-json\/wp\/v2\/types\/post"}],"author":[{"embeddable":true,"href":"https:\/\/cfecgc-andra.fr\/index.php\/wp-json\/wp\/v2\/users\/3"}],"replies":[{"embeddable":true,"href":"https:\/\/cfecgc-andra.fr\/index.php\/wp-json\/wp\/v2\/comments?post=1594"}],"version-history":[{"count":1,"href":"https:\/\/cfecgc-andra.fr\/index.php\/wp-json\/wp\/v2\/posts\/1594\/revisions"}],"predecessor-version":[{"id":1596,"href":"https:\/\/cfecgc-andra.fr\/index.php\/wp-json\/wp\/v2\/posts\/1594\/revisions\/1596"}],"wp:featuredmedia":[{"embeddable":true,"href":"https:\/\/cfecgc-andra.fr\/index.php\/wp-json\/wp\/v2\/media\/1595"}],"wp:attachment":[{"href":"https:\/\/cfecgc-andra.fr\/index.php\/wp-json\/wp\/v2\/media?parent=1594"}],"wp:term":[{"taxonomy":"category","embeddable":true,"href":"https:\/\/cfecgc-andra.fr\/index.php\/wp-json\/wp\/v2\/categories?post=1594"},{"taxonomy":"post_tag","embeddable":true,"href":"https:\/\/cfecgc-andra.fr\/index.php\/wp-json\/wp\/v2\/tags?post=1594"}],"curies":[{"name":"wp","href":"https:\/\/api.w.org\/{rel}","templated":true}]}}