{"id":1609,"date":"2023-06-04T09:34:40","date_gmt":"2023-06-04T07:34:40","guid":{"rendered":"https:\/\/cfecgc-andra.fr\/?p=1609"},"modified":"2023-05-31T09:50:29","modified_gmt":"2023-05-31T07:50:29","slug":"reforme-des-retraites-2023-ces-salaries-nes-en-1961-doivent-choisir-entre-conges-sans-solde-ou-revenir-au-travail","status":"publish","type":"post","link":"https:\/\/cfecgc-andra.fr\/index.php\/2023\/06\/04\/reforme-des-retraites-2023-ces-salaries-nes-en-1961-doivent-choisir-entre-conges-sans-solde-ou-revenir-au-travail\/","title":{"rendered":"R\u00e9forme des retraites 2023\u00a0: ces salari\u00e9s n\u00e9s en 1961 doivent choisir entre cong\u00e9s sans solde ou revenir au travail\u00a0!"},"content":{"rendered":"\n<p>Ce monde \u00e0 l\u2019envers. Seize employ\u00e9s de l\u2019entreprise Orano, n\u00e9s apr\u00e8s 1961 mais d\u00e9j\u00e0 en cong\u00e9s jusqu\u2019\u00e0 leur retraite, ont re\u00e7u d\u00e9but avril une lettre recommand\u00e9e les informant qu\u2019ils sont concern\u00e9s par la r\u00e9forme.<\/p>\n\n\n\n<p><a href=\"https:\/\/www.francetransactions.com\/actus\/retraite\/retraites\/reforme-retraites-salaries-nes-1961-retour-travail.html\">https:\/\/www.francetransactions.com\/actus\/retraite\/retraites\/reforme-retraites-salaries-nes-1961-retour-travail.html<\/a><\/p>\n\n\n\n<p><\/p>\n\n\n\n<p>Image par\u00a0<a href=\"https:\/\/pixabay.com\/fr\/users\/beauty_of_nature-8658480\/?utm_source=link-attribution&amp;utm_medium=referral&amp;utm_campaign=image&amp;utm_content=7390179\">jhenning<\/a>\u00a0de\u00a0<a href=\"https:\/\/pixabay.com\/fr\/\/?utm_source=link-attribution&amp;utm_medium=referral&amp;utm_campaign=image&amp;utm_content=7390179\">Pixabay<\/a><\/p>\n","protected":false},"excerpt":{"rendered":"<p>Ce monde \u00e0 l\u2019envers. Seize employ\u00e9s de l\u2019entreprise Orano, n\u00e9s apr\u00e8s 1961 mais d\u00e9j\u00e0 en cong\u00e9s jusqu\u2019\u00e0 leur retraite, ont re\u00e7u d\u00e9but avril une lettre recommand\u00e9e les informant qu\u2019ils sont concern\u00e9s par la r\u00e9forme. https:\/\/www.francetransactions.com\/actus\/retraite\/retraites\/reforme-retraites-salaries-nes-1961-retour-travail.html Image par\u00a0jhenning\u00a0de\u00a0Pixabay<\/p>\n","protected":false},"author":3,"featured_media":1610,"comment_status":"closed","ping_status":"closed","sticky":false,"template":"","format":"standard","meta":{"footnotes":""},"categories":[41,39,35],"tags":[],"class_list":["post-1609","post","type-post","status-publish","format-standard","has-post-thumbnail","hentry","category-droit-du-travail","category-energie-nucleaire","category-management","entry","has-media"],"_links":{"self":[{"href":"https:\/\/cfecgc-andra.fr\/index.php\/wp-json\/wp\/v2\/posts\/1609","targetHints":{"allow":["GET"]}}],"collection":[{"href":"https:\/\/cfecgc-andra.fr\/index.php\/wp-json\/wp\/v2\/posts"}],"about":[{"href":"https:\/\/cfecgc-andra.fr\/index.php\/wp-json\/wp\/v2\/types\/post"}],"author":[{"embeddable":true,"href":"https:\/\/cfecgc-andra.fr\/index.php\/wp-json\/wp\/v2\/users\/3"}],"replies":[{"embeddable":true,"href":"https:\/\/cfecgc-andra.fr\/index.php\/wp-json\/wp\/v2\/comments?post=1609"}],"version-history":[{"count":1,"href":"https:\/\/cfecgc-andra.fr\/index.php\/wp-json\/wp\/v2\/posts\/1609\/revisions"}],"predecessor-version":[{"id":1611,"href":"https:\/\/cfecgc-andra.fr\/index.php\/wp-json\/wp\/v2\/posts\/1609\/revisions\/1611"}],"wp:featuredmedia":[{"embeddable":true,"href":"https:\/\/cfecgc-andra.fr\/index.php\/wp-json\/wp\/v2\/media\/1610"}],"wp:attachment":[{"href":"https:\/\/cfecgc-andra.fr\/index.php\/wp-json\/wp\/v2\/media?parent=1609"}],"wp:term":[{"taxonomy":"category","embeddable":true,"href":"https:\/\/cfecgc-andra.fr\/index.php\/wp-json\/wp\/v2\/categories?post=1609"},{"taxonomy":"post_tag","embeddable":true,"href":"https:\/\/cfecgc-andra.fr\/index.php\/wp-json\/wp\/v2\/tags?post=1609"}],"curies":[{"name":"wp","href":"https:\/\/api.w.org\/{rel}","templated":true}]}}