{"id":1649,"date":"2023-06-30T08:39:21","date_gmt":"2023-06-30T06:39:21","guid":{"rendered":"https:\/\/cfecgc-andra.fr\/?p=1649"},"modified":"2023-06-27T08:42:04","modified_gmt":"2023-06-27T06:42:04","slug":"cse-le-dialogue-social-simplifie-a-complexifie-le-role-des-elus","status":"publish","type":"post","link":"https:\/\/cfecgc-andra.fr\/index.php\/2023\/06\/30\/cse-le-dialogue-social-simplifie-a-complexifie-le-role-des-elus\/","title":{"rendered":"CSE : le dialogue social simplifi\u00e9 a complexifi\u00e9 le r\u00f4le des \u00e9lus"},"content":{"rendered":"\n<p>Les Rencontres RH du 6\u00a0juin ont fait le bilan des comit\u00e9s sociaux \u00e9conomiques. La plupart d\u2019entre eux seront renouvel\u00e9s en 2023.<\/p>\n\n\n\n<p>Dans la foul\u00e9e des ordonnances travail de 2017, les comit\u00e9s sociaux et \u00e9conomiques (CSE) ont succ\u00e9d\u00e9 en&nbsp;2018 aux pr\u00e9c\u00e9dentes instances repr\u00e9sentatives du personnel&nbsp;: le comit\u00e9 d\u2019entreprise, les d\u00e9l\u00e9gu\u00e9s du personnel et le comit\u00e9 d\u2019hygi\u00e8ne, de s\u00e9curit\u00e9 et des conditions de travail (CHSCT).<\/p>\n\n\n\n<p>En\u00a02023, la majorit\u00e9 des CSE arrivent au terme de leur premier mandat\u00a0: c\u2019est l\u2019heure du bilan.<\/p>\n\n\n\n<p><a href=\"https:\/\/www.lemonde.fr\/emploi\/article\/2023\/06\/14\/le-dialogue-social-simplifie-a-complexifie-le-role-des-elus_6177537_1698637.html\">https:\/\/www.lemonde.fr\/emploi\/article\/2023\/06\/14\/le-dialogue-social-simplifie-a-complexifie-le-role-des-elus_6177537_1698637.html<\/a><\/p>\n","protected":false},"excerpt":{"rendered":"<p>Les Rencontres RH du 6\u00a0juin ont fait le bilan des comit\u00e9s sociaux \u00e9conomiques. La plupart d\u2019entre eux seront renouvel\u00e9s en 2023. Dans la foul\u00e9e des ordonnances travail de 2017, les comit\u00e9s sociaux et \u00e9conomiques (CSE) ont succ\u00e9d\u00e9 en&nbsp;2018 aux pr\u00e9c\u00e9dentes instances repr\u00e9sentatives du personnel&nbsp;: le comit\u00e9 d\u2019entreprise, les d\u00e9l\u00e9gu\u00e9s du personnel et le comit\u00e9 d\u2019hygi\u00e8ne, [&hellip;]<\/p>\n","protected":false},"author":3,"featured_media":1650,"comment_status":"closed","ping_status":"closed","sticky":false,"template":"","format":"standard","meta":{"footnotes":""},"categories":[38],"tags":[],"class_list":["post-1649","post","type-post","status-publish","format-standard","has-post-thumbnail","hentry","category-dialogue-social","entry","has-media"],"_links":{"self":[{"href":"https:\/\/cfecgc-andra.fr\/index.php\/wp-json\/wp\/v2\/posts\/1649","targetHints":{"allow":["GET"]}}],"collection":[{"href":"https:\/\/cfecgc-andra.fr\/index.php\/wp-json\/wp\/v2\/posts"}],"about":[{"href":"https:\/\/cfecgc-andra.fr\/index.php\/wp-json\/wp\/v2\/types\/post"}],"author":[{"embeddable":true,"href":"https:\/\/cfecgc-andra.fr\/index.php\/wp-json\/wp\/v2\/users\/3"}],"replies":[{"embeddable":true,"href":"https:\/\/cfecgc-andra.fr\/index.php\/wp-json\/wp\/v2\/comments?post=1649"}],"version-history":[{"count":1,"href":"https:\/\/cfecgc-andra.fr\/index.php\/wp-json\/wp\/v2\/posts\/1649\/revisions"}],"predecessor-version":[{"id":1651,"href":"https:\/\/cfecgc-andra.fr\/index.php\/wp-json\/wp\/v2\/posts\/1649\/revisions\/1651"}],"wp:featuredmedia":[{"embeddable":true,"href":"https:\/\/cfecgc-andra.fr\/index.php\/wp-json\/wp\/v2\/media\/1650"}],"wp:attachment":[{"href":"https:\/\/cfecgc-andra.fr\/index.php\/wp-json\/wp\/v2\/media?parent=1649"}],"wp:term":[{"taxonomy":"category","embeddable":true,"href":"https:\/\/cfecgc-andra.fr\/index.php\/wp-json\/wp\/v2\/categories?post=1649"},{"taxonomy":"post_tag","embeddable":true,"href":"https:\/\/cfecgc-andra.fr\/index.php\/wp-json\/wp\/v2\/tags?post=1649"}],"curies":[{"name":"wp","href":"https:\/\/api.w.org\/{rel}","templated":true}]}}