{"id":1686,"date":"2024-01-10T16:29:32","date_gmt":"2024-01-10T15:29:32","guid":{"rendered":"https:\/\/cfecgc-andra.fr\/?p=1686"},"modified":"2024-01-11T17:52:59","modified_gmt":"2024-01-11T16:52:59","slug":"la-cfe-cgc-andra-vous-souhaite-une-tres-bonne-annee-2024","status":"publish","type":"post","link":"https:\/\/cfecgc-andra.fr\/index.php\/2024\/01\/10\/la-cfe-cgc-andra-vous-souhaite-une-tres-bonne-annee-2024\/","title":{"rendered":"La CFE\/CGC Andra vous souhaite une tr\u00e8s bonne ann\u00e9e 2024 !"},"content":{"rendered":"\n<p>Ch\u00e8res coll\u00e8gues, chers coll\u00e8gues,<\/p>\n\n\n\n<p>En ce d\u00e9but d\u2019ann\u00e9e 2024, nous vous adressons au nom de la section syndicale CFE-CGC, nos v\u0153ux les plus sinc\u00e8res.<\/p>\n\n\n\n<p>Que cette nouvelle ann\u00e9e vous apporte joie, sant\u00e9 et succ\u00e8s.<\/p>\n\n\n\n<p>En tant que section syndicale, notre engagement envers le bien-\u00eatre des salari\u00e9s demeure une priorit\u00e9 pour cette ann\u00e9e. Nous continuerons \u00e0 d\u00e9fendre vos droits, \u00e0 promouvoir des conditions de travail \u00e9quitables et \u00e0 \u00eatre \u00e0 l&rsquo;\u00e9coute de vos pr\u00e9occupations.<\/p>\n\n\n\n<p>Solidarit\u00e9 et succ\u00e8s collectif !<\/p>\n\n\n\n<p><\/p>\n","protected":false},"excerpt":{"rendered":"<p>Ch\u00e8res coll\u00e8gues, chers coll\u00e8gues, En ce d\u00e9but d\u2019ann\u00e9e 2024, nous vous adressons au nom de la section syndicale CFE-CGC, nos v\u0153ux les plus sinc\u00e8res. Que cette nouvelle ann\u00e9e vous apporte joie, sant\u00e9 et succ\u00e8s. En tant que section syndicale, notre engagement envers le bien-\u00eatre des salari\u00e9s demeure une priorit\u00e9 pour cette ann\u00e9e. Nous continuerons \u00e0 [&hellip;]<\/p>\n","protected":false},"author":2,"featured_media":1687,"comment_status":"closed","ping_status":"closed","sticky":false,"template":"","format":"standard","meta":{"footnotes":""},"categories":[36],"tags":[],"class_list":["post-1686","post","type-post","status-publish","format-standard","has-post-thumbnail","hentry","category-andra","entry","has-media"],"_links":{"self":[{"href":"https:\/\/cfecgc-andra.fr\/index.php\/wp-json\/wp\/v2\/posts\/1686","targetHints":{"allow":["GET"]}}],"collection":[{"href":"https:\/\/cfecgc-andra.fr\/index.php\/wp-json\/wp\/v2\/posts"}],"about":[{"href":"https:\/\/cfecgc-andra.fr\/index.php\/wp-json\/wp\/v2\/types\/post"}],"author":[{"embeddable":true,"href":"https:\/\/cfecgc-andra.fr\/index.php\/wp-json\/wp\/v2\/users\/2"}],"replies":[{"embeddable":true,"href":"https:\/\/cfecgc-andra.fr\/index.php\/wp-json\/wp\/v2\/comments?post=1686"}],"version-history":[{"count":4,"href":"https:\/\/cfecgc-andra.fr\/index.php\/wp-json\/wp\/v2\/posts\/1686\/revisions"}],"predecessor-version":[{"id":1694,"href":"https:\/\/cfecgc-andra.fr\/index.php\/wp-json\/wp\/v2\/posts\/1686\/revisions\/1694"}],"wp:featuredmedia":[{"embeddable":true,"href":"https:\/\/cfecgc-andra.fr\/index.php\/wp-json\/wp\/v2\/media\/1687"}],"wp:attachment":[{"href":"https:\/\/cfecgc-andra.fr\/index.php\/wp-json\/wp\/v2\/media?parent=1686"}],"wp:term":[{"taxonomy":"category","embeddable":true,"href":"https:\/\/cfecgc-andra.fr\/index.php\/wp-json\/wp\/v2\/categories?post=1686"},{"taxonomy":"post_tag","embeddable":true,"href":"https:\/\/cfecgc-andra.fr\/index.php\/wp-json\/wp\/v2\/tags?post=1686"}],"curies":[{"name":"wp","href":"https:\/\/api.w.org\/{rel}","templated":true}]}}